{"id":4352,"date":"2024-11-18T15:47:29","date_gmt":"2024-11-18T15:47:29","guid":{"rendered":"https:\/\/www.excellence-group.lu\/clervaux-celebre-le-80-anniversaire-de-la-bataille-des-ardennes\/"},"modified":"2024-11-18T15:54:16","modified_gmt":"2024-11-18T15:54:16","slug":"clervaux-anniversary-battly-bulge","status":"publish","type":"post","link":"https:\/\/www.excellence-group.lu\/en\/clervaux-anniversary-battly-bulge\/","title":{"rendered":"Clervaux celebrates the 80\u1d49 anniversary of the Battle of the Bulge"},"content":{"rendered":"<p>On the weekend of <strong>December 14 and 15, 2024<\/strong>, <a href=\"https:\/\/www.excellence-group.lu\/en\/clervaux\/\">Clervaux<\/a> is preparing to honor the memory of one of the most significant events in its history: the <strong>Battle of the Bulge<\/strong>, of which the village was one of the main theaters.<\/p>\n<p>Organized in partnership between the commune of Clervaux and the Cercle d&#8217;\u00c9tudes sur la Bataille des Ardennes (CEBA), these commemorations promise an exceptional program, combining history, culture and a fairytale atmosphere thanks to the Christmas festivities.<\/p>\n","protected":false},"excerpt":{"rendered":"<p>On the weekend of December 14 and 15, 2024, Clervaux is preparing to honor the memory of one of the most significant events in its history: the Battle of the Bulge, of which the village was one of the main theaters. Organized in partnership between the commune of Clervaux and the Cercle d&#8217;\u00c9tudes sur la [&hellip;]<\/p>\n","protected":false},"author":399,"featured_media":3925,"comment_status":"closed","ping_status":"closed","sticky":false,"template":"","format":"standard","meta":{"footnotes":""},"categories":[53],"tags":[],"class_list":["post-4352","post","type-post","status-publish","format-standard","has-post-thumbnail","hentry","category-clervaux-en"],"yoast_head":"<!-- This site is optimized with the Yoast SEO plugin v26.9 - https:\/\/yoast.com\/product\/yoast-seo-wordpress\/ -->\n<title>Clervaux celebrates the 80\u1d49 anniversary of the Battle of the Bulge - Excellence Group<\/title>\n<meta name=\"description\" content=\"D\u00e9couvrez le programme des comm\u00e9morations propos\u00e9 par la ville de Clervaux dans le cadre du 80eme anniversaire de la Bataille des Ardennes ces 14 et 15 d\u00e9cembre 2024.\" \/>\n<meta name=\"robots\" content=\"index, follow, max-snippet:-1, max-image-preview:large, max-video-preview:-1\" \/>\n<link rel=\"canonical\" href=\"https:\/\/www.excellence-group.lu\/en\/clervaux-anniversary-battly-bulge\/\" \/>\n<meta property=\"og:locale\" content=\"en_US\" \/>\n<meta property=\"og:type\" content=\"article\" \/>\n<meta property=\"og:title\" content=\"Clervaux celebrates the 80\u1d49 anniversary of the Battle of the Bulge - Excellence Group\" \/>\n<meta property=\"og:description\" content=\"D\u00e9couvrez le programme des comm\u00e9morations propos\u00e9 par la ville de Clervaux dans le cadre du 80eme anniversaire de la Bataille des Ardennes ces 14 et 15 d\u00e9cembre 2024.\" \/>\n<meta property=\"og:url\" content=\"https:\/\/www.excellence-group.lu\/en\/clervaux-anniversary-battly-bulge\/\" \/>\n<meta property=\"og:site_name\" content=\"Excellence Group\" \/>\n<meta property=\"article:published_time\" content=\"2024-11-18T15:47:29+00:00\" \/>\n<meta property=\"article:modified_time\" content=\"2024-11-18T15:54:16+00:00\" \/>\n<meta property=\"og:image\" content=\"https:\/\/www.excellence-group.lu\/wp-content\/uploads\/sites\/281\/2024\/07\/musee-bataille-des-ardennes-clervaux_7.jpg\" \/>\n\t<meta property=\"og:image:width\" content=\"1000\" \/>\n\t<meta property=\"og:image:height\" content=\"664\" \/>\n\t<meta property=\"og:image:type\" content=\"image\/jpeg\" \/>\n<meta name=\"author\" content=\"harry\" \/>\n<meta name=\"twitter:card\" content=\"summary_large_image\" \/>\n<meta name=\"twitter:label1\" content=\"Written by\" \/>\n\t<meta name=\"twitter:data1\" content=\"harry\" \/>\n\t<meta name=\"twitter:label2\" content=\"Est. reading time\" \/>\n\t<meta name=\"twitter:data2\" content=\"1 minute\" \/>\n<script type=\"application\/ld+json\" class=\"yoast-schema-graph\">{\"@context\":\"https:\/\/schema.org\",\"@graph\":[{\"@type\":\"Article\",\"@id\":\"https:\/\/www.excellence-group.lu\/en\/clervaux-anniversary-battly-bulge\/#article\",\"isPartOf\":{\"@id\":\"https:\/\/www.excellence-group.lu\/en\/clervaux-anniversary-battly-bulge\/\"},\"author\":{\"name\":\"harry\",\"@id\":\"https:\/\/www.excellence-group.lu\/en\/#\/schema\/person\/68a52d2fc4c26f0d33d4ad71613fb02b\"},\"headline\":\"Clervaux celebrates the 80\u1d49 anniversary of the Battle of the Bulge\",\"datePublished\":\"2024-11-18T15:47:29+00:00\",\"dateModified\":\"2024-11-18T15:54:16+00:00\",\"mainEntityOfPage\":{\"@id\":\"https:\/\/www.excellence-group.lu\/en\/clervaux-anniversary-battly-bulge\/\"},\"wordCount\":85,\"image\":{\"@id\":\"https:\/\/www.excellence-group.lu\/en\/clervaux-anniversary-battly-bulge\/#primaryimage\"},\"thumbnailUrl\":\"https:\/\/www.excellence-group.lu\/wp-content\/uploads\/sites\/281\/2024\/07\/musee-bataille-des-ardennes-clervaux_7.jpg\",\"articleSection\":[\"Clervaux\"],\"inLanguage\":\"en-US\"},{\"@type\":\"WebPage\",\"@id\":\"https:\/\/www.excellence-group.lu\/en\/clervaux-anniversary-battly-bulge\/\",\"url\":\"https:\/\/www.excellence-group.lu\/en\/clervaux-anniversary-battly-bulge\/\",\"name\":\"Clervaux celebrates the 80\u1d49 anniversary of the Battle of the Bulge - Excellence Group\",\"isPartOf\":{\"@id\":\"https:\/\/www.excellence-group.lu\/en\/#website\"},\"primaryImageOfPage\":{\"@id\":\"https:\/\/www.excellence-group.lu\/en\/clervaux-anniversary-battly-bulge\/#primaryimage\"},\"image\":{\"@id\":\"https:\/\/www.excellence-group.lu\/en\/clervaux-anniversary-battly-bulge\/#primaryimage\"},\"thumbnailUrl\":\"https:\/\/www.excellence-group.lu\/wp-content\/uploads\/sites\/281\/2024\/07\/musee-bataille-des-ardennes-clervaux_7.jpg\",\"datePublished\":\"2024-11-18T15:47:29+00:00\",\"dateModified\":\"2024-11-18T15:54:16+00:00\",\"author\":{\"@id\":\"https:\/\/www.excellence-group.lu\/en\/#\/schema\/person\/68a52d2fc4c26f0d33d4ad71613fb02b\"},\"description\":\"D\u00e9couvrez le programme des comm\u00e9morations propos\u00e9 par la ville de Clervaux dans le cadre du 80eme anniversaire de la Bataille des Ardennes ces 14 et 15 d\u00e9cembre 2024.\",\"breadcrumb\":{\"@id\":\"https:\/\/www.excellence-group.lu\/en\/clervaux-anniversary-battly-bulge\/#breadcrumb\"},\"inLanguage\":\"en-US\",\"potentialAction\":[{\"@type\":\"ReadAction\",\"target\":[\"https:\/\/www.excellence-group.lu\/en\/clervaux-anniversary-battly-bulge\/\"]}]},{\"@type\":\"ImageObject\",\"inLanguage\":\"en-US\",\"@id\":\"https:\/\/www.excellence-group.lu\/en\/clervaux-anniversary-battly-bulge\/#primaryimage\",\"url\":\"https:\/\/www.excellence-group.lu\/wp-content\/uploads\/sites\/281\/2024\/07\/musee-bataille-des-ardennes-clervaux_7.jpg\",\"contentUrl\":\"https:\/\/www.excellence-group.lu\/wp-content\/uploads\/sites\/281\/2024\/07\/musee-bataille-des-ardennes-clervaux_7.jpg\",\"width\":1000,\"height\":664},{\"@type\":\"BreadcrumbList\",\"@id\":\"https:\/\/www.excellence-group.lu\/en\/clervaux-anniversary-battly-bulge\/#breadcrumb\",\"itemListElement\":[{\"@type\":\"ListItem\",\"position\":1,\"name\":\"Home\",\"item\":\"https:\/\/www.excellence-group.lu\/en\/\"},{\"@type\":\"ListItem\",\"position\":2,\"name\":\"Clervaux celebrates the 80\u1d49 anniversary of the Battle of the Bulge\"}]},{\"@type\":\"WebSite\",\"@id\":\"https:\/\/www.excellence-group.lu\/en\/#website\",\"url\":\"https:\/\/www.excellence-group.lu\/en\/\",\"name\":\"Excellence Group\",\"description\":\"Just another ms.decms.eu site\",\"potentialAction\":[{\"@type\":\"SearchAction\",\"target\":{\"@type\":\"EntryPoint\",\"urlTemplate\":\"https:\/\/www.excellence-group.lu\/en\/?s={search_term_string}\"},\"query-input\":{\"@type\":\"PropertyValueSpecification\",\"valueRequired\":true,\"valueName\":\"search_term_string\"}}],\"inLanguage\":\"en-US\"},{\"@type\":\"Person\",\"@id\":\"https:\/\/www.excellence-group.lu\/en\/#\/schema\/person\/68a52d2fc4c26f0d33d4ad71613fb02b\",\"name\":\"harry\",\"image\":{\"@type\":\"ImageObject\",\"inLanguage\":\"en-US\",\"@id\":\"https:\/\/www.excellence-group.lu\/en\/#\/schema\/person\/image\/\",\"url\":\"https:\/\/secure.gravatar.com\/avatar\/1b4040d3a67d93dc55b3c586c92f7c1de29d2dcce273e657480e1d1b7a7dfae7?s=96&d=mm&r=g\",\"contentUrl\":\"https:\/\/secure.gravatar.com\/avatar\/1b4040d3a67d93dc55b3c586c92f7c1de29d2dcce273e657480e1d1b7a7dfae7?s=96&d=mm&r=g\",\"caption\":\"harry\"}}]}<\/script>\n<!-- \/ Yoast SEO plugin. -->","yoast_head_json":{"title":"Clervaux celebrates the 80\u1d49 anniversary of the Battle of the Bulge - Excellence Group","description":"D\u00e9couvrez le programme des comm\u00e9morations propos\u00e9 par la ville de Clervaux dans le cadre du 80eme anniversaire de la Bataille des Ardennes ces 14 et 15 d\u00e9cembre 2024.","robots":{"index":"index","follow":"follow","max-snippet":"max-snippet:-1","max-image-preview":"max-image-preview:large","max-video-preview":"max-video-preview:-1"},"canonical":"https:\/\/www.excellence-group.lu\/en\/clervaux-anniversary-battly-bulge\/","og_locale":"en_US","og_type":"article","og_title":"Clervaux celebrates the 80\u1d49 anniversary of the Battle of the Bulge - Excellence Group","og_description":"D\u00e9couvrez le programme des comm\u00e9morations propos\u00e9 par la ville de Clervaux dans le cadre du 80eme anniversaire de la Bataille des Ardennes ces 14 et 15 d\u00e9cembre 2024.","og_url":"https:\/\/www.excellence-group.lu\/en\/clervaux-anniversary-battly-bulge\/","og_site_name":"Excellence Group","article_published_time":"2024-11-18T15:47:29+00:00","article_modified_time":"2024-11-18T15:54:16+00:00","og_image":[{"width":1000,"height":664,"url":"https:\/\/www.excellence-group.lu\/wp-content\/uploads\/sites\/281\/2024\/07\/musee-bataille-des-ardennes-clervaux_7.jpg","type":"image\/jpeg"}],"author":"harry","twitter_card":"summary_large_image","twitter_misc":{"Written by":"harry","Est. reading time":"1 minute"},"schema":{"@context":"https:\/\/schema.org","@graph":[{"@type":"Article","@id":"https:\/\/www.excellence-group.lu\/en\/clervaux-anniversary-battly-bulge\/#article","isPartOf":{"@id":"https:\/\/www.excellence-group.lu\/en\/clervaux-anniversary-battly-bulge\/"},"author":{"name":"harry","@id":"https:\/\/www.excellence-group.lu\/en\/#\/schema\/person\/68a52d2fc4c26f0d33d4ad71613fb02b"},"headline":"Clervaux celebrates the 80\u1d49 anniversary of the Battle of the Bulge","datePublished":"2024-11-18T15:47:29+00:00","dateModified":"2024-11-18T15:54:16+00:00","mainEntityOfPage":{"@id":"https:\/\/www.excellence-group.lu\/en\/clervaux-anniversary-battly-bulge\/"},"wordCount":85,"image":{"@id":"https:\/\/www.excellence-group.lu\/en\/clervaux-anniversary-battly-bulge\/#primaryimage"},"thumbnailUrl":"https:\/\/www.excellence-group.lu\/wp-content\/uploads\/sites\/281\/2024\/07\/musee-bataille-des-ardennes-clervaux_7.jpg","articleSection":["Clervaux"],"inLanguage":"en-US"},{"@type":"WebPage","@id":"https:\/\/www.excellence-group.lu\/en\/clervaux-anniversary-battly-bulge\/","url":"https:\/\/www.excellence-group.lu\/en\/clervaux-anniversary-battly-bulge\/","name":"Clervaux celebrates the 80\u1d49 anniversary of the Battle of the Bulge - Excellence Group","isPartOf":{"@id":"https:\/\/www.excellence-group.lu\/en\/#website"},"primaryImageOfPage":{"@id":"https:\/\/www.excellence-group.lu\/en\/clervaux-anniversary-battly-bulge\/#primaryimage"},"image":{"@id":"https:\/\/www.excellence-group.lu\/en\/clervaux-anniversary-battly-bulge\/#primaryimage"},"thumbnailUrl":"https:\/\/www.excellence-group.lu\/wp-content\/uploads\/sites\/281\/2024\/07\/musee-bataille-des-ardennes-clervaux_7.jpg","datePublished":"2024-11-18T15:47:29+00:00","dateModified":"2024-11-18T15:54:16+00:00","author":{"@id":"https:\/\/www.excellence-group.lu\/en\/#\/schema\/person\/68a52d2fc4c26f0d33d4ad71613fb02b"},"description":"D\u00e9couvrez le programme des comm\u00e9morations propos\u00e9 par la ville de Clervaux dans le cadre du 80eme anniversaire de la Bataille des Ardennes ces 14 et 15 d\u00e9cembre 2024.","breadcrumb":{"@id":"https:\/\/www.excellence-group.lu\/en\/clervaux-anniversary-battly-bulge\/#breadcrumb"},"inLanguage":"en-US","potentialAction":[{"@type":"ReadAction","target":["https:\/\/www.excellence-group.lu\/en\/clervaux-anniversary-battly-bulge\/"]}]},{"@type":"ImageObject","inLanguage":"en-US","@id":"https:\/\/www.excellence-group.lu\/en\/clervaux-anniversary-battly-bulge\/#primaryimage","url":"https:\/\/www.excellence-group.lu\/wp-content\/uploads\/sites\/281\/2024\/07\/musee-bataille-des-ardennes-clervaux_7.jpg","contentUrl":"https:\/\/www.excellence-group.lu\/wp-content\/uploads\/sites\/281\/2024\/07\/musee-bataille-des-ardennes-clervaux_7.jpg","width":1000,"height":664},{"@type":"BreadcrumbList","@id":"https:\/\/www.excellence-group.lu\/en\/clervaux-anniversary-battly-bulge\/#breadcrumb","itemListElement":[{"@type":"ListItem","position":1,"name":"Home","item":"https:\/\/www.excellence-group.lu\/en\/"},{"@type":"ListItem","position":2,"name":"Clervaux celebrates the 80\u1d49 anniversary of the Battle of the Bulge"}]},{"@type":"WebSite","@id":"https:\/\/www.excellence-group.lu\/en\/#website","url":"https:\/\/www.excellence-group.lu\/en\/","name":"Excellence Group","description":"Just another ms.decms.eu site","potentialAction":[{"@type":"SearchAction","target":{"@type":"EntryPoint","urlTemplate":"https:\/\/www.excellence-group.lu\/en\/?s={search_term_string}"},"query-input":{"@type":"PropertyValueSpecification","valueRequired":true,"valueName":"search_term_string"}}],"inLanguage":"en-US"},{"@type":"Person","@id":"https:\/\/www.excellence-group.lu\/en\/#\/schema\/person\/68a52d2fc4c26f0d33d4ad71613fb02b","name":"harry","image":{"@type":"ImageObject","inLanguage":"en-US","@id":"https:\/\/www.excellence-group.lu\/en\/#\/schema\/person\/image\/","url":"https:\/\/secure.gravatar.com\/avatar\/1b4040d3a67d93dc55b3c586c92f7c1de29d2dcce273e657480e1d1b7a7dfae7?s=96&d=mm&r=g","contentUrl":"https:\/\/secure.gravatar.com\/avatar\/1b4040d3a67d93dc55b3c586c92f7c1de29d2dcce273e657480e1d1b7a7dfae7?s=96&d=mm&r=g","caption":"harry"}}]}},"acf":[],"_links":{"self":[{"href":"https:\/\/www.excellence-group.lu\/en\/wp-json\/wp\/v2\/posts\/4352","targetHints":{"allow":["GET"]}}],"collection":[{"href":"https:\/\/www.excellence-group.lu\/en\/wp-json\/wp\/v2\/posts"}],"about":[{"href":"https:\/\/www.excellence-group.lu\/en\/wp-json\/wp\/v2\/types\/post"}],"author":[{"embeddable":true,"href":"https:\/\/www.excellence-group.lu\/en\/wp-json\/wp\/v2\/users\/399"}],"replies":[{"embeddable":true,"href":"https:\/\/www.excellence-group.lu\/en\/wp-json\/wp\/v2\/comments?post=4352"}],"version-history":[{"count":0,"href":"https:\/\/www.excellence-group.lu\/en\/wp-json\/wp\/v2\/posts\/4352\/revisions"}],"wp:featuredmedia":[{"embeddable":true,"href":"https:\/\/www.excellence-group.lu\/en\/wp-json\/wp\/v2\/media\/3925"}],"wp:attachment":[{"href":"https:\/\/www.excellence-group.lu\/en\/wp-json\/wp\/v2\/media?parent=4352"}],"wp:term":[{"taxonomy":"category","embeddable":true,"href":"https:\/\/www.excellence-group.lu\/en\/wp-json\/wp\/v2\/categories?post=4352"},{"taxonomy":"post_tag","embeddable":true,"href":"https:\/\/www.excellence-group.lu\/en\/wp-json\/wp\/v2\/tags?post=4352"}],"curies":[{"name":"wp","href":"https:\/\/api.w.org\/{rel}","templated":true}]}}