{"id":4245,"date":"2024-09-27T13:51:12","date_gmt":"2024-09-27T13:51:12","guid":{"rendered":"https:\/\/www.excellence-group.lu\/clervaux-un-evenement-velo-avec-frank-schleck-ce-samedi-19-octobre\/"},"modified":"2024-09-30T09:59:47","modified_gmt":"2024-09-30T09:59:47","slug":"clervaux-un-evenement-velo-avec-frank-schleck-ce-samedi-19-octobre","status":"publish","type":"post","link":"https:\/\/www.excellence-group.lu\/en\/clervaux-un-evenement-velo-avec-frank-schleck-ce-samedi-19-octobre\/","title":{"rendered":"Clervaux: a cycling event with Frank Schleck on Saturday 19 October"},"content":{"rendered":"<p>On Saturday 19 October, the Excellence hotels in Clervaux, in partnership with the FSCL (F\u00e9d\u00e9ration Sportive du Cyclisme Luxembourgeois), are organising a special trip including a cycling tour of northern Luxembourg, led by former professional cyclist Frank Schleck.<\/p>\n","protected":false},"excerpt":{"rendered":"<p>On Saturday 19 October, the Excellence hotels in Clervaux, in partnership with the FSCL (F\u00e9d\u00e9ration Sportive du Cyclisme Luxembourgeois), are organising a special trip including a cycling tour of northern Luxembourg, led by former professional cyclist Frank Schleck.<\/p>\n","protected":false},"author":399,"featured_media":4231,"comment_status":"closed","ping_status":"closed","sticky":false,"template":"","format":"standard","meta":{"footnotes":""},"categories":[2],"tags":[52],"class_list":["post-4245","post","type-post","status-publish","format-standard","has-post-thumbnail","hentry","category-uncategorized","tag-clervaux-en"],"yoast_head":"<!-- This site is optimized with the Yoast SEO plugin v26.9 - https:\/\/yoast.com\/product\/yoast-seo-wordpress\/ -->\n<title>Clervaux: a cycling event with Frank Schleck on Saturday 19 October - Excellence Group<\/title>\n<meta name=\"description\" content=\"Ce 19 octobre, participez \u00e0 une exp\u00e9rience unique en compagnie de Frank Schleck \u00e0 Clervaux: une sortie v\u00e9lo de 50 km suivie d&#039;une soir\u00e9e \u00e0 l&#039;h\u00f4tel Koener.\" \/>\n<meta name=\"robots\" content=\"index, follow, max-snippet:-1, max-image-preview:large, max-video-preview:-1\" \/>\n<link rel=\"canonical\" href=\"https:\/\/www.excellence-group.lu\/en\/clervaux-un-evenement-velo-avec-frank-schleck-ce-samedi-19-octobre\/\" \/>\n<meta property=\"og:locale\" content=\"en_US\" \/>\n<meta property=\"og:type\" content=\"article\" \/>\n<meta property=\"og:title\" content=\"Clervaux: a cycling event with Frank Schleck on Saturday 19 October - Excellence Group\" \/>\n<meta property=\"og:description\" content=\"Ce 19 octobre, participez \u00e0 une exp\u00e9rience unique en compagnie de Frank Schleck \u00e0 Clervaux: une sortie v\u00e9lo de 50 km suivie d&#039;une soir\u00e9e \u00e0 l&#039;h\u00f4tel Koener.\" \/>\n<meta property=\"og:url\" content=\"https:\/\/www.excellence-group.lu\/en\/clervaux-un-evenement-velo-avec-frank-schleck-ce-samedi-19-octobre\/\" \/>\n<meta property=\"og:site_name\" content=\"Excellence Group\" \/>\n<meta property=\"article:published_time\" content=\"2024-09-27T13:51:12+00:00\" \/>\n<meta property=\"article:modified_time\" content=\"2024-09-30T09:59:47+00:00\" \/>\n<meta property=\"og:image\" content=\"https:\/\/www.excellence-group.lu\/wp-content\/uploads\/sites\/281\/2024\/09\/frank-shleck-sejour-velo-clervaux_1-scaled.jpg\" \/>\n\t<meta property=\"og:image:width\" content=\"2560\" \/>\n\t<meta property=\"og:image:height\" content=\"1440\" \/>\n\t<meta property=\"og:image:type\" content=\"image\/jpeg\" \/>\n<meta name=\"author\" content=\"harry\" \/>\n<meta name=\"twitter:card\" content=\"summary_large_image\" \/>\n<meta name=\"twitter:label1\" content=\"Written by\" \/>\n\t<meta name=\"twitter:data1\" content=\"harry\" \/>\n\t<meta name=\"twitter:label2\" content=\"Est. reading time\" \/>\n\t<meta name=\"twitter:data2\" content=\"1 minute\" \/>\n<script type=\"application\/ld+json\" class=\"yoast-schema-graph\">{\"@context\":\"https:\/\/schema.org\",\"@graph\":[{\"@type\":\"Article\",\"@id\":\"https:\/\/www.excellence-group.lu\/en\/clervaux-un-evenement-velo-avec-frank-schleck-ce-samedi-19-octobre\/#article\",\"isPartOf\":{\"@id\":\"https:\/\/www.excellence-group.lu\/en\/clervaux-un-evenement-velo-avec-frank-schleck-ce-samedi-19-octobre\/\"},\"author\":{\"name\":\"harry\",\"@id\":\"https:\/\/www.excellence-group.lu\/en\/#\/schema\/person\/68a52d2fc4c26f0d33d4ad71613fb02b\"},\"headline\":\"Clervaux: a cycling event with Frank Schleck on Saturday 19 October\",\"datePublished\":\"2024-09-27T13:51:12+00:00\",\"dateModified\":\"2024-09-30T09:59:47+00:00\",\"mainEntityOfPage\":{\"@id\":\"https:\/\/www.excellence-group.lu\/en\/clervaux-un-evenement-velo-avec-frank-schleck-ce-samedi-19-octobre\/\"},\"wordCount\":49,\"image\":{\"@id\":\"https:\/\/www.excellence-group.lu\/en\/clervaux-un-evenement-velo-avec-frank-schleck-ce-samedi-19-octobre\/#primaryimage\"},\"thumbnailUrl\":\"https:\/\/www.excellence-group.lu\/wp-content\/uploads\/sites\/281\/2024\/09\/frank-shleck-sejour-velo-clervaux_1-scaled.jpg\",\"keywords\":[\"Clervaux\"],\"inLanguage\":\"en-US\"},{\"@type\":\"WebPage\",\"@id\":\"https:\/\/www.excellence-group.lu\/en\/clervaux-un-evenement-velo-avec-frank-schleck-ce-samedi-19-octobre\/\",\"url\":\"https:\/\/www.excellence-group.lu\/en\/clervaux-un-evenement-velo-avec-frank-schleck-ce-samedi-19-octobre\/\",\"name\":\"Clervaux: a cycling event with Frank Schleck on Saturday 19 October - Excellence Group\",\"isPartOf\":{\"@id\":\"https:\/\/www.excellence-group.lu\/en\/#website\"},\"primaryImageOfPage\":{\"@id\":\"https:\/\/www.excellence-group.lu\/en\/clervaux-un-evenement-velo-avec-frank-schleck-ce-samedi-19-octobre\/#primaryimage\"},\"image\":{\"@id\":\"https:\/\/www.excellence-group.lu\/en\/clervaux-un-evenement-velo-avec-frank-schleck-ce-samedi-19-octobre\/#primaryimage\"},\"thumbnailUrl\":\"https:\/\/www.excellence-group.lu\/wp-content\/uploads\/sites\/281\/2024\/09\/frank-shleck-sejour-velo-clervaux_1-scaled.jpg\",\"datePublished\":\"2024-09-27T13:51:12+00:00\",\"dateModified\":\"2024-09-30T09:59:47+00:00\",\"author\":{\"@id\":\"https:\/\/www.excellence-group.lu\/en\/#\/schema\/person\/68a52d2fc4c26f0d33d4ad71613fb02b\"},\"description\":\"Ce 19 octobre, participez \u00e0 une exp\u00e9rience unique en compagnie de Frank Schleck \u00e0 Clervaux: une sortie v\u00e9lo de 50 km suivie d'une soir\u00e9e \u00e0 l'h\u00f4tel Koener.\",\"breadcrumb\":{\"@id\":\"https:\/\/www.excellence-group.lu\/en\/clervaux-un-evenement-velo-avec-frank-schleck-ce-samedi-19-octobre\/#breadcrumb\"},\"inLanguage\":\"en-US\",\"potentialAction\":[{\"@type\":\"ReadAction\",\"target\":[\"https:\/\/www.excellence-group.lu\/en\/clervaux-un-evenement-velo-avec-frank-schleck-ce-samedi-19-octobre\/\"]}]},{\"@type\":\"ImageObject\",\"inLanguage\":\"en-US\",\"@id\":\"https:\/\/www.excellence-group.lu\/en\/clervaux-un-evenement-velo-avec-frank-schleck-ce-samedi-19-octobre\/#primaryimage\",\"url\":\"https:\/\/www.excellence-group.lu\/wp-content\/uploads\/sites\/281\/2024\/09\/frank-shleck-sejour-velo-clervaux_1-scaled.jpg\",\"contentUrl\":\"https:\/\/www.excellence-group.lu\/wp-content\/uploads\/sites\/281\/2024\/09\/frank-shleck-sejour-velo-clervaux_1-scaled.jpg\",\"width\":2560,\"height\":1440},{\"@type\":\"BreadcrumbList\",\"@id\":\"https:\/\/www.excellence-group.lu\/en\/clervaux-un-evenement-velo-avec-frank-schleck-ce-samedi-19-octobre\/#breadcrumb\",\"itemListElement\":[{\"@type\":\"ListItem\",\"position\":1,\"name\":\"Home\",\"item\":\"https:\/\/www.excellence-group.lu\/en\/\"},{\"@type\":\"ListItem\",\"position\":2,\"name\":\"Clervaux: a cycling event with Frank Schleck on Saturday 19 October\"}]},{\"@type\":\"WebSite\",\"@id\":\"https:\/\/www.excellence-group.lu\/en\/#website\",\"url\":\"https:\/\/www.excellence-group.lu\/en\/\",\"name\":\"Excellence Group\",\"description\":\"Just another ms.decms.eu site\",\"potentialAction\":[{\"@type\":\"SearchAction\",\"target\":{\"@type\":\"EntryPoint\",\"urlTemplate\":\"https:\/\/www.excellence-group.lu\/en\/?s={search_term_string}\"},\"query-input\":{\"@type\":\"PropertyValueSpecification\",\"valueRequired\":true,\"valueName\":\"search_term_string\"}}],\"inLanguage\":\"en-US\"},{\"@type\":\"Person\",\"@id\":\"https:\/\/www.excellence-group.lu\/en\/#\/schema\/person\/68a52d2fc4c26f0d33d4ad71613fb02b\",\"name\":\"harry\",\"image\":{\"@type\":\"ImageObject\",\"inLanguage\":\"en-US\",\"@id\":\"https:\/\/www.excellence-group.lu\/en\/#\/schema\/person\/image\/\",\"url\":\"https:\/\/secure.gravatar.com\/avatar\/1b4040d3a67d93dc55b3c586c92f7c1de29d2dcce273e657480e1d1b7a7dfae7?s=96&d=mm&r=g\",\"contentUrl\":\"https:\/\/secure.gravatar.com\/avatar\/1b4040d3a67d93dc55b3c586c92f7c1de29d2dcce273e657480e1d1b7a7dfae7?s=96&d=mm&r=g\",\"caption\":\"harry\"}}]}<\/script>\n<!-- \/ Yoast SEO plugin. -->","yoast_head_json":{"title":"Clervaux: a cycling event with Frank Schleck on Saturday 19 October - Excellence Group","description":"Ce 19 octobre, participez \u00e0 une exp\u00e9rience unique en compagnie de Frank Schleck \u00e0 Clervaux: une sortie v\u00e9lo de 50 km suivie d'une soir\u00e9e \u00e0 l'h\u00f4tel Koener.","robots":{"index":"index","follow":"follow","max-snippet":"max-snippet:-1","max-image-preview":"max-image-preview:large","max-video-preview":"max-video-preview:-1"},"canonical":"https:\/\/www.excellence-group.lu\/en\/clervaux-un-evenement-velo-avec-frank-schleck-ce-samedi-19-octobre\/","og_locale":"en_US","og_type":"article","og_title":"Clervaux: a cycling event with Frank Schleck on Saturday 19 October - Excellence Group","og_description":"Ce 19 octobre, participez \u00e0 une exp\u00e9rience unique en compagnie de Frank Schleck \u00e0 Clervaux: une sortie v\u00e9lo de 50 km suivie d'une soir\u00e9e \u00e0 l'h\u00f4tel Koener.","og_url":"https:\/\/www.excellence-group.lu\/en\/clervaux-un-evenement-velo-avec-frank-schleck-ce-samedi-19-octobre\/","og_site_name":"Excellence Group","article_published_time":"2024-09-27T13:51:12+00:00","article_modified_time":"2024-09-30T09:59:47+00:00","og_image":[{"width":2560,"height":1440,"url":"https:\/\/www.excellence-group.lu\/wp-content\/uploads\/sites\/281\/2024\/09\/frank-shleck-sejour-velo-clervaux_1-scaled.jpg","type":"image\/jpeg"}],"author":"harry","twitter_card":"summary_large_image","twitter_misc":{"Written by":"harry","Est. reading time":"1 minute"},"schema":{"@context":"https:\/\/schema.org","@graph":[{"@type":"Article","@id":"https:\/\/www.excellence-group.lu\/en\/clervaux-un-evenement-velo-avec-frank-schleck-ce-samedi-19-octobre\/#article","isPartOf":{"@id":"https:\/\/www.excellence-group.lu\/en\/clervaux-un-evenement-velo-avec-frank-schleck-ce-samedi-19-octobre\/"},"author":{"name":"harry","@id":"https:\/\/www.excellence-group.lu\/en\/#\/schema\/person\/68a52d2fc4c26f0d33d4ad71613fb02b"},"headline":"Clervaux: a cycling event with Frank Schleck on Saturday 19 October","datePublished":"2024-09-27T13:51:12+00:00","dateModified":"2024-09-30T09:59:47+00:00","mainEntityOfPage":{"@id":"https:\/\/www.excellence-group.lu\/en\/clervaux-un-evenement-velo-avec-frank-schleck-ce-samedi-19-octobre\/"},"wordCount":49,"image":{"@id":"https:\/\/www.excellence-group.lu\/en\/clervaux-un-evenement-velo-avec-frank-schleck-ce-samedi-19-octobre\/#primaryimage"},"thumbnailUrl":"https:\/\/www.excellence-group.lu\/wp-content\/uploads\/sites\/281\/2024\/09\/frank-shleck-sejour-velo-clervaux_1-scaled.jpg","keywords":["Clervaux"],"inLanguage":"en-US"},{"@type":"WebPage","@id":"https:\/\/www.excellence-group.lu\/en\/clervaux-un-evenement-velo-avec-frank-schleck-ce-samedi-19-octobre\/","url":"https:\/\/www.excellence-group.lu\/en\/clervaux-un-evenement-velo-avec-frank-schleck-ce-samedi-19-octobre\/","name":"Clervaux: a cycling event with Frank Schleck on Saturday 19 October - Excellence Group","isPartOf":{"@id":"https:\/\/www.excellence-group.lu\/en\/#website"},"primaryImageOfPage":{"@id":"https:\/\/www.excellence-group.lu\/en\/clervaux-un-evenement-velo-avec-frank-schleck-ce-samedi-19-octobre\/#primaryimage"},"image":{"@id":"https:\/\/www.excellence-group.lu\/en\/clervaux-un-evenement-velo-avec-frank-schleck-ce-samedi-19-octobre\/#primaryimage"},"thumbnailUrl":"https:\/\/www.excellence-group.lu\/wp-content\/uploads\/sites\/281\/2024\/09\/frank-shleck-sejour-velo-clervaux_1-scaled.jpg","datePublished":"2024-09-27T13:51:12+00:00","dateModified":"2024-09-30T09:59:47+00:00","author":{"@id":"https:\/\/www.excellence-group.lu\/en\/#\/schema\/person\/68a52d2fc4c26f0d33d4ad71613fb02b"},"description":"Ce 19 octobre, participez \u00e0 une exp\u00e9rience unique en compagnie de Frank Schleck \u00e0 Clervaux: une sortie v\u00e9lo de 50 km suivie d'une soir\u00e9e \u00e0 l'h\u00f4tel Koener.","breadcrumb":{"@id":"https:\/\/www.excellence-group.lu\/en\/clervaux-un-evenement-velo-avec-frank-schleck-ce-samedi-19-octobre\/#breadcrumb"},"inLanguage":"en-US","potentialAction":[{"@type":"ReadAction","target":["https:\/\/www.excellence-group.lu\/en\/clervaux-un-evenement-velo-avec-frank-schleck-ce-samedi-19-octobre\/"]}]},{"@type":"ImageObject","inLanguage":"en-US","@id":"https:\/\/www.excellence-group.lu\/en\/clervaux-un-evenement-velo-avec-frank-schleck-ce-samedi-19-octobre\/#primaryimage","url":"https:\/\/www.excellence-group.lu\/wp-content\/uploads\/sites\/281\/2024\/09\/frank-shleck-sejour-velo-clervaux_1-scaled.jpg","contentUrl":"https:\/\/www.excellence-group.lu\/wp-content\/uploads\/sites\/281\/2024\/09\/frank-shleck-sejour-velo-clervaux_1-scaled.jpg","width":2560,"height":1440},{"@type":"BreadcrumbList","@id":"https:\/\/www.excellence-group.lu\/en\/clervaux-un-evenement-velo-avec-frank-schleck-ce-samedi-19-octobre\/#breadcrumb","itemListElement":[{"@type":"ListItem","position":1,"name":"Home","item":"https:\/\/www.excellence-group.lu\/en\/"},{"@type":"ListItem","position":2,"name":"Clervaux: a cycling event with Frank Schleck on Saturday 19 October"}]},{"@type":"WebSite","@id":"https:\/\/www.excellence-group.lu\/en\/#website","url":"https:\/\/www.excellence-group.lu\/en\/","name":"Excellence Group","description":"Just another ms.decms.eu site","potentialAction":[{"@type":"SearchAction","target":{"@type":"EntryPoint","urlTemplate":"https:\/\/www.excellence-group.lu\/en\/?s={search_term_string}"},"query-input":{"@type":"PropertyValueSpecification","valueRequired":true,"valueName":"search_term_string"}}],"inLanguage":"en-US"},{"@type":"Person","@id":"https:\/\/www.excellence-group.lu\/en\/#\/schema\/person\/68a52d2fc4c26f0d33d4ad71613fb02b","name":"harry","image":{"@type":"ImageObject","inLanguage":"en-US","@id":"https:\/\/www.excellence-group.lu\/en\/#\/schema\/person\/image\/","url":"https:\/\/secure.gravatar.com\/avatar\/1b4040d3a67d93dc55b3c586c92f7c1de29d2dcce273e657480e1d1b7a7dfae7?s=96&d=mm&r=g","contentUrl":"https:\/\/secure.gravatar.com\/avatar\/1b4040d3a67d93dc55b3c586c92f7c1de29d2dcce273e657480e1d1b7a7dfae7?s=96&d=mm&r=g","caption":"harry"}}]}},"acf":[],"_links":{"self":[{"href":"https:\/\/www.excellence-group.lu\/en\/wp-json\/wp\/v2\/posts\/4245","targetHints":{"allow":["GET"]}}],"collection":[{"href":"https:\/\/www.excellence-group.lu\/en\/wp-json\/wp\/v2\/posts"}],"about":[{"href":"https:\/\/www.excellence-group.lu\/en\/wp-json\/wp\/v2\/types\/post"}],"author":[{"embeddable":true,"href":"https:\/\/www.excellence-group.lu\/en\/wp-json\/wp\/v2\/users\/399"}],"replies":[{"embeddable":true,"href":"https:\/\/www.excellence-group.lu\/en\/wp-json\/wp\/v2\/comments?post=4245"}],"version-history":[{"count":0,"href":"https:\/\/www.excellence-group.lu\/en\/wp-json\/wp\/v2\/posts\/4245\/revisions"}],"wp:featuredmedia":[{"embeddable":true,"href":"https:\/\/www.excellence-group.lu\/en\/wp-json\/wp\/v2\/media\/4231"}],"wp:attachment":[{"href":"https:\/\/www.excellence-group.lu\/en\/wp-json\/wp\/v2\/media?parent=4245"}],"wp:term":[{"taxonomy":"category","embeddable":true,"href":"https:\/\/www.excellence-group.lu\/en\/wp-json\/wp\/v2\/categories?post=4245"},{"taxonomy":"post_tag","embeddable":true,"href":"https:\/\/www.excellence-group.lu\/en\/wp-json\/wp\/v2\/tags?post=4245"}],"curies":[{"name":"wp","href":"https:\/\/api.w.org\/{rel}","templated":true}]}}